{"id":33214,"date":"2022-10-28T20:10:02","date_gmt":"2022-10-28T18:10:02","guid":{"rendered":"https:\/\/archive.camerimage.pl\/?p=33214"},"modified":"2022-10-28T22:24:29","modified_gmt":"2022-10-28T20:24:29","slug":"sklad-panoramy-etiud-studenckich-szkol-filmowych-i-artystycznych-2022","status":"publish","type":"post","link":"https:\/\/archive.camerimage.pl\/en\/sklad-panoramy-etiud-studenckich-szkol-filmowych-i-artystycznych-2022\/","title":{"rendered":"Film and Art School Etudes Panorama 2022 Line-up"},"content":{"rendered":"<p><\/p>\n<p><strong>Film and Art School Etudes Panorama<\/strong> is a non-competitive section at the <strong>EnergaCAMERIMAGE International Film Festival<\/strong> featuring student fiction shorts whose high visual and artistic qualities make them a must-see at our film festival.<\/p>\n<p>&nbsp;<\/p>\n<p style=\"text-align: center;\"><strong><span style=\"font-size: 24pt; color: #d29600;\">BLACK BLACK NIGHT <\/span><\/strong><\/p>\n<p><a href=\"https:\/\/archive.camerimage.pl\/assets\/uploads\/2022\/10\/rsz_black_black_night_still3.jpg\"><img loading=\"lazy\" decoding=\"async\" class=\"aligncenter size-large wp-image-33226\" src=\"https:\/\/archive.camerimage.pl\/assets\/uploads\/2022\/10\/rsz_black_black_night_still3-1024x429.jpg\" alt=\"\" width=\"1024\" height=\"429\" srcset=\"https:\/\/archive.camerimage.pl\/assets\/uploads\/2022\/10\/rsz_black_black_night_still3-1024x429.jpg 1024w, https:\/\/archive.camerimage.pl\/assets\/uploads\/2022\/10\/rsz_black_black_night_still3-300x126.jpg 300w, https:\/\/archive.camerimage.pl\/assets\/uploads\/2022\/10\/rsz_black_black_night_still3-768x322.jpg 768w, https:\/\/archive.camerimage.pl\/assets\/uploads\/2022\/10\/rsz_black_black_night_still3-544x228.jpg 544w, https:\/\/archive.camerimage.pl\/assets\/uploads\/2022\/10\/rsz_black_black_night_still3.jpg 1536w\" sizes=\"(max-width: 1024px) 100vw, 1024px\" \/><\/a><\/p>\n<p>A middle-aged man and an eccentric teen Ilona are two strangers meeting at night. Together they seek to find an escape from personal loneliness.<\/p>\n<p><strong>Director:<\/strong> Laura Udra<br \/>\n<strong>Cinematographer:<\/strong> Nikolas Verseckas<br \/>\n<strong>School: <\/strong>Lithuanian Music and Theatre Academy (LMTA)<br \/>\n<strong>Country and year:<\/strong> Lithuania, 2022<\/p>\n<p style=\"text-align: center;\">\n<strong><span style=\"font-size: 24pt; color: #d29600;\">CRAZY CRABS FROM OUTER SPACE<\/span><\/strong><\/p>\n<p><a href=\"https:\/\/archive.camerimage.pl\/assets\/uploads\/2022\/10\/rsz_crazy_crabs_from_outer_space_still2.jpg\"><img loading=\"lazy\" decoding=\"async\" class=\"aligncenter size-large wp-image-33225\" src=\"https:\/\/archive.camerimage.pl\/assets\/uploads\/2022\/10\/rsz_crazy_crabs_from_outer_space_still2-1024x429.jpg\" alt=\"\" width=\"1024\" height=\"429\" srcset=\"https:\/\/archive.camerimage.pl\/assets\/uploads\/2022\/10\/rsz_crazy_crabs_from_outer_space_still2-1024x429.jpg 1024w, https:\/\/archive.camerimage.pl\/assets\/uploads\/2022\/10\/rsz_crazy_crabs_from_outer_space_still2-300x126.jpg 300w, https:\/\/archive.camerimage.pl\/assets\/uploads\/2022\/10\/rsz_crazy_crabs_from_outer_space_still2-768x322.jpg 768w, https:\/\/archive.camerimage.pl\/assets\/uploads\/2022\/10\/rsz_crazy_crabs_from_outer_space_still2-544x228.jpg 544w, https:\/\/archive.camerimage.pl\/assets\/uploads\/2022\/10\/rsz_crazy_crabs_from_outer_space_still2-1536x644.jpg 1536w, https:\/\/archive.camerimage.pl\/assets\/uploads\/2022\/10\/rsz_crazy_crabs_from_outer_space_still2-1600x670.jpg 1600w, https:\/\/archive.camerimage.pl\/assets\/uploads\/2022\/10\/rsz_crazy_crabs_from_outer_space_still2.jpg 1754w\" sizes=\"(max-width: 1024px) 100vw, 1024px\" \/><\/a><\/p>\n<p>Pirjo, still stuck in her past, gets kidnapped by her pet crab Sebastian who turns out to be an alien. Sebastian wants to save her since the world is about to end at 10 o\u2019clock today. However, Pirjo refuses to leave the planet without a memento of her beloved Ester and Sebastian won\u2019t leave without his friend. The clock is ticking.<\/p>\n<p><strong>Director:<\/strong> Magdaleena Jakkila<br \/>\n<strong>Cinematographer:<\/strong> Aleksis Riehakainen<br \/>\n<strong>School:<\/strong> ELO Film School of Aalto University<br \/>\n<strong>Country and year:<\/strong> Finland, 2022<\/p>\n<p style=\"text-align: center;\">\n<strong><span style=\"font-size: 24pt; color: #d29600;\">GET HOME SAFE<br \/>\n<\/span><\/strong><\/p>\n<p><a href=\"https:\/\/archive.camerimage.pl\/assets\/uploads\/2022\/10\/rsz_get_home_safe_still1.jpg\"><img loading=\"lazy\" decoding=\"async\" class=\"aligncenter size-large wp-image-33224\" src=\"https:\/\/archive.camerimage.pl\/assets\/uploads\/2022\/10\/rsz_get_home_safe_still1-1024x576.jpg\" alt=\"\" width=\"1024\" height=\"576\" srcset=\"https:\/\/archive.camerimage.pl\/assets\/uploads\/2022\/10\/rsz_get_home_safe_still1-1024x576.jpg 1024w, https:\/\/archive.camerimage.pl\/assets\/uploads\/2022\/10\/rsz_get_home_safe_still1-300x169.jpg 300w, https:\/\/archive.camerimage.pl\/assets\/uploads\/2022\/10\/rsz_get_home_safe_still1-768x432.jpg 768w, https:\/\/archive.camerimage.pl\/assets\/uploads\/2022\/10\/rsz_get_home_safe_still1-405x228.jpg 405w, https:\/\/archive.camerimage.pl\/assets\/uploads\/2022\/10\/rsz_get_home_safe_still1.jpg 1440w\" sizes=\"(max-width: 1024px) 100vw, 1024px\" \/><\/a><\/p>\n<p>Maya is a volunteer at the Way-Home-Phone, a service for anyone who feels unsafe on the way home at night and would like a reassuring voice to accompany them through the night. One evening, she receives a call from Lea, who shortly before had an unpleasant encounter with a stranger. At first Maya wants to have the usual conversation with her, but soon it turns out that Lea is being followed by the stranger.<\/p>\n<p><strong>Director:<\/strong> Tamara Deni\u0107<br \/>\n<strong>Cinematographer:<\/strong> Oliver Kiedos<br \/>\n<strong>School:<\/strong> Hamburg Media School (HMS)<br \/>\n<strong>Country and year:<\/strong> Germany, 2021<\/p>\n<p style=\"text-align: center;\">\n<span style=\"color: #d29600;\"><strong><span style=\"font-size: 24pt;\">KOMM, WIR GEHEN<br \/>\n<\/span><\/strong><\/span><\/p>\n<p><a href=\"https:\/\/archive.camerimage.pl\/assets\/uploads\/2022\/10\/rsz_komm_wir_gehen_still1.jpg\"><img loading=\"lazy\" decoding=\"async\" class=\"aligncenter size-large wp-image-33223\" src=\"https:\/\/archive.camerimage.pl\/assets\/uploads\/2022\/10\/rsz_komm_wir_gehen_still1-1024x430.jpg\" alt=\"\" width=\"1024\" height=\"430\" srcset=\"https:\/\/archive.camerimage.pl\/assets\/uploads\/2022\/10\/rsz_komm_wir_gehen_still1-1024x430.jpg 1024w, https:\/\/archive.camerimage.pl\/assets\/uploads\/2022\/10\/rsz_komm_wir_gehen_still1-300x126.jpg 300w, https:\/\/archive.camerimage.pl\/assets\/uploads\/2022\/10\/rsz_komm_wir_gehen_still1-768x322.jpg 768w, https:\/\/archive.camerimage.pl\/assets\/uploads\/2022\/10\/rsz_komm_wir_gehen_still1-544x228.jpg 544w, https:\/\/archive.camerimage.pl\/assets\/uploads\/2022\/10\/rsz_komm_wir_gehen_still1.jpg 1440w\" sizes=\"(max-width: 1024px) 100vw, 1024px\" \/><\/a><\/p>\n<p>1968. Four friends spend a summer together at the lake, filled with dreams, love, music and life-changing decisions. More than 50 years later, the last wish of their best friend lures the old couple into the abandoned house by the lake for the last time. Because one question was never answered: what if&#8230;<\/p>\n<p><strong>Director:<\/strong> Anna Unterweger<br \/>\n<strong>Cinematographer:<\/strong> Felix Seitlinger<br \/>\n<strong>School:<\/strong> University of Applied Sciences Salzburg (FH Salzburg)<br \/>\n<strong>Country and year: <\/strong>Austria, 2021<\/p>\n<p style=\"text-align: center;\">\n<strong><span style=\"font-size: 24pt; color: #d29600;\">OUT OF WATER<\/span><\/strong><\/p>\n<p><a href=\"https:\/\/archive.camerimage.pl\/assets\/uploads\/2022\/10\/rsz_out_of_water_still2.jpg\"><img loading=\"lazy\" decoding=\"async\" class=\"aligncenter size-large wp-image-33222\" src=\"https:\/\/archive.camerimage.pl\/assets\/uploads\/2022\/10\/rsz_out_of_water_still2-1024x576.jpg\" alt=\"\" width=\"1024\" height=\"576\" srcset=\"https:\/\/archive.camerimage.pl\/assets\/uploads\/2022\/10\/rsz_out_of_water_still2-1024x576.jpg 1024w, https:\/\/archive.camerimage.pl\/assets\/uploads\/2022\/10\/rsz_out_of_water_still2-300x169.jpg 300w, https:\/\/archive.camerimage.pl\/assets\/uploads\/2022\/10\/rsz_out_of_water_still2-768x432.jpg 768w, https:\/\/archive.camerimage.pl\/assets\/uploads\/2022\/10\/rsz_out_of_water_still2-405x228.jpg 405w, https:\/\/archive.camerimage.pl\/assets\/uploads\/2022\/10\/rsz_out_of_water_still2.jpg 1440w\" sizes=\"(max-width: 1024px) 100vw, 1024px\" \/><\/a><\/p>\n<p>Zosia is a 13-year-old CODA girl \u2013 the hearing child of deaf parents. Together with her dad, she heads off to fight for participation in the swimming competition she has dreamed of, which, due to her father\u2019s oversight, she was not allowed to enter. Along the way, they face complications that put Zosia in the role of an interpreter and intermediary between her deaf dad and the rest of the world. Having a voice becomes not only a privilege for the girl, but also a burden.<\/p>\n<p><strong>Original title: <\/strong>Dzieci i ryby<strong><br \/>\nDirector:<\/strong> Gracjana Piechula<br \/>\n<strong>Cinematographer:<\/strong> Aleksandra Kami\u0144ska<br \/>\n<strong>School:<\/strong> Krzysztof Kie\u015blowski Film School<br \/>\n<strong>Country and year:<\/strong> Poland, 2022<\/p>\n<p style=\"text-align: center;\">\n<strong><span style=\"font-size: 24pt; color: #d29600;\">ROSE IN THE DARK<br \/>\n<\/span><\/strong><\/p>\n<p><a href=\"https:\/\/archive.camerimage.pl\/assets\/uploads\/2022\/10\/rsz_rose_in_the_dark_still2.jpg\"><img loading=\"lazy\" decoding=\"async\" class=\"aligncenter size-large wp-image-33221\" src=\"https:\/\/archive.camerimage.pl\/assets\/uploads\/2022\/10\/rsz_rose_in_the_dark_still2-1024x429.jpg\" alt=\"\" width=\"1024\" height=\"429\" srcset=\"https:\/\/archive.camerimage.pl\/assets\/uploads\/2022\/10\/rsz_rose_in_the_dark_still2-1024x429.jpg 1024w, https:\/\/archive.camerimage.pl\/assets\/uploads\/2022\/10\/rsz_rose_in_the_dark_still2-300x126.jpg 300w, https:\/\/archive.camerimage.pl\/assets\/uploads\/2022\/10\/rsz_rose_in_the_dark_still2-768x322.jpg 768w, https:\/\/archive.camerimage.pl\/assets\/uploads\/2022\/10\/rsz_rose_in_the_dark_still2-544x228.jpg 544w, https:\/\/archive.camerimage.pl\/assets\/uploads\/2022\/10\/rsz_rose_in_the_dark_still2.jpg 1536w\" sizes=\"(max-width: 1024px) 100vw, 1024px\" \/><\/a><\/p>\n<p>A dark quiet basement and an ordinary sunny day behind its windows. A young woman enters the space and looks for her grandmother. The grandmother does not reply and keeps hiding. What is she doing down there? Is she mentally okay? Is she hiding something? And is everything really the way it seemed at the very beginning?<\/p>\n<p><strong>Director:<\/strong> Vojt\u011bch Kone\u010dn\u00fd<br \/>\n<strong>Cinematographer:<\/strong> Filip H\u00e1jek<br \/>\n<strong>School:<\/strong> Film and TV School of the Academy of Performing Arts in Prague (FAMU)<br \/>\n<strong>Country and year:<\/strong> Czech Republic, 2022<\/p>\n<p style=\"text-align: center;\">\n<strong><span style=\"font-size: 24pt; color: #d29600;\">SABINA<br \/>\n<\/span><\/strong><\/p>\n<p><a href=\"https:\/\/archive.camerimage.pl\/assets\/uploads\/2022\/10\/Sabina_still2.jpg\"><img loading=\"lazy\" decoding=\"async\" class=\"aligncenter size-large wp-image-33229\" src=\"https:\/\/archive.camerimage.pl\/assets\/uploads\/2022\/10\/Sabina_still2-1024x511.jpg\" alt=\"\" width=\"1024\" height=\"511\" srcset=\"https:\/\/archive.camerimage.pl\/assets\/uploads\/2022\/10\/Sabina_still2-1024x511.jpg 1024w, https:\/\/archive.camerimage.pl\/assets\/uploads\/2022\/10\/Sabina_still2-300x150.jpg 300w, https:\/\/archive.camerimage.pl\/assets\/uploads\/2022\/10\/Sabina_still2-768x383.jpg 768w, https:\/\/archive.camerimage.pl\/assets\/uploads\/2022\/10\/Sabina_still2-457x228.jpg 457w, https:\/\/archive.camerimage.pl\/assets\/uploads\/2022\/10\/Sabina_still2.jpg 1080w\" sizes=\"(max-width: 1024px) 100vw, 1024px\" \/><\/a><\/p>\n<p>After a bad evening, spent in the company of her younger lover, 50-year-old Sabina gets into a cab. Moments later, a blue-haired girl, Anka, runs out onto the road and asks Sabina for help.<\/p>\n<p><strong>Director:<\/strong> Diana Zamojska<br \/>\n<strong>Cinematographer:<\/strong> Beata Rakoczy<br \/>\n<strong>School:<\/strong> Gdynia Film School<br \/>\n<strong>Country and year:<\/strong> Poland, 2022<\/p>\n<p style=\"text-align: center;\">\n<strong><span style=\"font-size: 24pt; color: #d29600;\">SHE NEEDS IT<br \/>\n<\/span><\/strong><\/p>\n<p><a href=\"https:\/\/archive.camerimage.pl\/assets\/uploads\/2022\/10\/rsz_she_needs_it_still1.jpg\"><img loading=\"lazy\" decoding=\"async\" class=\"aligncenter size-large wp-image-33220\" src=\"https:\/\/archive.camerimage.pl\/assets\/uploads\/2022\/10\/rsz_she_needs_it_still1-1024x640.jpg\" alt=\"\" width=\"1024\" height=\"640\" srcset=\"https:\/\/archive.camerimage.pl\/assets\/uploads\/2022\/10\/rsz_she_needs_it_still1-1024x640.jpg 1024w, https:\/\/archive.camerimage.pl\/assets\/uploads\/2022\/10\/rsz_she_needs_it_still1-300x188.jpg 300w, https:\/\/archive.camerimage.pl\/assets\/uploads\/2022\/10\/rsz_she_needs_it_still1-768x480.jpg 768w, https:\/\/archive.camerimage.pl\/assets\/uploads\/2022\/10\/rsz_she_needs_it_still1-365x228.jpg 365w, https:\/\/archive.camerimage.pl\/assets\/uploads\/2022\/10\/rsz_she_needs_it_still1.jpg 1440w\" sizes=\"(max-width: 1024px) 100vw, 1024px\" \/><\/a><\/p>\n<p>A short movie about troubles with skin and love aging.<\/p>\n<p><strong>Original title: <\/strong>B\u0119dziesz tego potrzebowa\u0142a<strong><br \/>\nDirector:<\/strong> Jan Cisiecki<br \/>\n<strong>Cinematographer:<\/strong> Jan Cisiecki<br \/>\n<strong>School:<\/strong> \u0141\u00f3d\u017a Film School<br \/>\n<strong>Country and year:<\/strong> Poland, 2021<\/p>\n<p style=\"text-align: center;\">\n<strong><span style=\"font-size: 24pt; color: #d29600;\">THE SHOW<br \/>\n<\/span><\/strong><\/p>\n<p><a href=\"https:\/\/archive.camerimage.pl\/assets\/uploads\/2022\/10\/Show-The_still1.jpg\"><img loading=\"lazy\" decoding=\"async\" class=\"aligncenter size-large wp-image-33228\" src=\"https:\/\/archive.camerimage.pl\/assets\/uploads\/2022\/10\/Show-The_still1-1024x576.jpg\" alt=\"\" width=\"1024\" height=\"576\" srcset=\"https:\/\/archive.camerimage.pl\/assets\/uploads\/2022\/10\/Show-The_still1-1024x576.jpg 1024w, https:\/\/archive.camerimage.pl\/assets\/uploads\/2022\/10\/Show-The_still1-300x169.jpg 300w, https:\/\/archive.camerimage.pl\/assets\/uploads\/2022\/10\/Show-The_still1-768x432.jpg 768w, https:\/\/archive.camerimage.pl\/assets\/uploads\/2022\/10\/Show-The_still1-405x228.jpg 405w, https:\/\/archive.camerimage.pl\/assets\/uploads\/2022\/10\/Show-The_still1-1536x864.jpg 1536w, https:\/\/archive.camerimage.pl\/assets\/uploads\/2022\/10\/Show-The_still1-1600x900.jpg 1600w, https:\/\/archive.camerimage.pl\/assets\/uploads\/2022\/10\/Show-The_still1.jpg 1920w\" sizes=\"(max-width: 1024px) 100vw, 1024px\" \/><\/a><\/p>\n<p>Famous activist-couple Max and Lou go to extreme lengths to make a statement and get irreversibly sterilised together. They don\u2019t want to have children in a world where humanity keeps on destroying the planet. They are about to have their first TV-appearance after their sterilisation, when Max confesses something to Lou: Shortly before the procedure, he got cold feet and couldn\u2019t go through with the vasectomy&#8230;<\/p>\n<p><strong>Director:<\/strong> Frederic Kau<br \/>\n<strong>Cinematographer:<\/strong> Alexander Gruber<br \/>\n<strong>School:<\/strong> Hamburg Media School (HMS)<br \/>\n<strong>Country and year:<\/strong> Germany, 2021<\/p>\n<p style=\"text-align: center;\">\n<strong><span style=\"font-size: 24pt; color: #d29600;\">TO FLY IN SOLITUDE<br \/>\n<\/span><\/strong><\/p>\n<p><a href=\"https:\/\/archive.camerimage.pl\/assets\/uploads\/2022\/10\/rsz_to_fly_in_solitude_still2.jpg\"><img loading=\"lazy\" decoding=\"async\" class=\"aligncenter size-large wp-image-33218\" src=\"https:\/\/archive.camerimage.pl\/assets\/uploads\/2022\/10\/rsz_to_fly_in_solitude_still2-1024x553.jpg\" alt=\"\" width=\"1024\" height=\"553\" srcset=\"https:\/\/archive.camerimage.pl\/assets\/uploads\/2022\/10\/rsz_to_fly_in_solitude_still2-1024x553.jpg 1024w, https:\/\/archive.camerimage.pl\/assets\/uploads\/2022\/10\/rsz_to_fly_in_solitude_still2-300x162.jpg 300w, https:\/\/archive.camerimage.pl\/assets\/uploads\/2022\/10\/rsz_to_fly_in_solitude_still2-768x415.jpg 768w, https:\/\/archive.camerimage.pl\/assets\/uploads\/2022\/10\/rsz_to_fly_in_solitude_still2-422x228.jpg 422w, https:\/\/archive.camerimage.pl\/assets\/uploads\/2022\/10\/rsz_to_fly_in_solitude_still2.jpg 1499w\" sizes=\"(max-width: 1024px) 100vw, 1024px\" \/><\/a><\/p>\n<p>A young woman Lily is an obstetrician in training, who still affected by the complicated relationship she has with her father. While assisting a delivery, her attention is directed more towards the father-to-be than towards the baby. Back in her childhood home, she\u2019s confronted with a dilemma: is she going to let her guard down by confronting her father, knowing she might again be let down; or is she going to stay silent.<\/p>\n<p><strong>Director:<\/strong> Noen Brouwer<br \/>\n<strong>Cinematographer:<\/strong> Juri De Wolf<br \/>\n<strong>School:<\/strong> Netherlands Film Academy (AHK)<br \/>\n<strong>Country and year:<\/strong> Netherlands, 2021<\/p>\n<p style=\"text-align: center;\">\n<strong><span style=\"font-size: 24pt; color: #d29600;\">TONY AND THE TREE<br \/>\n<\/span><\/strong><\/p>\n<p>\u00a0 <a href=\"https:\/\/archive.camerimage.pl\/assets\/uploads\/2022\/10\/Tony-and-the-Tree_still1.jpg\"><img loading=\"lazy\" decoding=\"async\" class=\"aligncenter size-large wp-image-33227\" src=\"https:\/\/archive.camerimage.pl\/assets\/uploads\/2022\/10\/Tony-and-the-Tree_still1-1024x509.jpg\" alt=\"\" width=\"1024\" height=\"509\" srcset=\"https:\/\/archive.camerimage.pl\/assets\/uploads\/2022\/10\/Tony-and-the-Tree_still1-1024x509.jpg 1024w, https:\/\/archive.camerimage.pl\/assets\/uploads\/2022\/10\/Tony-and-the-Tree_still1-300x149.jpg 300w, https:\/\/archive.camerimage.pl\/assets\/uploads\/2022\/10\/Tony-and-the-Tree_still1-768x382.jpg 768w, https:\/\/archive.camerimage.pl\/assets\/uploads\/2022\/10\/Tony-and-the-Tree_still1-458x228.jpg 458w, https:\/\/archive.camerimage.pl\/assets\/uploads\/2022\/10\/Tony-and-the-Tree_still1-1536x764.jpg 1536w, https:\/\/archive.camerimage.pl\/assets\/uploads\/2022\/10\/Tony-and-the-Tree_still1-1600x796.jpg 1600w, https:\/\/archive.camerimage.pl\/assets\/uploads\/2022\/10\/Tony-and-the-Tree_still1.jpg 1920w\" sizes=\"(max-width: 1024px) 100vw, 1024px\" \/><\/a><\/p>\n<p>A young boy who has established a wholesome friendship with a sentient tree is enlightened by the horrifying truths of his virulent living conditions.<\/p>\n<p><strong>Director:<\/strong> Pacey Hansen<br \/>\n<strong>Cinematographer:<\/strong> Gabby Carbone<br \/>\n<strong>School:<\/strong> Florida State University College of Motion Picture, Television and Recording Arts (FSU)<br \/>\n<strong>Country and year:<\/strong> USA, 2022<\/p>\n<p style=\"text-align: center;\">\n<strong><span style=\"font-size: 24pt; color: #d29600;\">WHERE BURNING COLD LIES<\/span><\/strong><\/p>\n<p><a href=\"https:\/\/archive.camerimage.pl\/assets\/uploads\/2022\/10\/rsz_where_burning_old_lies_still1.jpg\"><img loading=\"lazy\" decoding=\"async\" class=\"aligncenter size-large wp-image-33219\" src=\"https:\/\/archive.camerimage.pl\/assets\/uploads\/2022\/10\/rsz_where_burning_old_lies_still1-1024x512.jpg\" alt=\"\" width=\"1024\" height=\"512\" srcset=\"https:\/\/archive.camerimage.pl\/assets\/uploads\/2022\/10\/rsz_where_burning_old_lies_still1-1024x512.jpg 1024w, https:\/\/archive.camerimage.pl\/assets\/uploads\/2022\/10\/rsz_where_burning_old_lies_still1-300x150.jpg 300w, https:\/\/archive.camerimage.pl\/assets\/uploads\/2022\/10\/rsz_where_burning_old_lies_still1-768x384.jpg 768w, https:\/\/archive.camerimage.pl\/assets\/uploads\/2022\/10\/rsz_where_burning_old_lies_still1-456x228.jpg 456w, https:\/\/archive.camerimage.pl\/assets\/uploads\/2022\/10\/rsz_where_burning_old_lies_still1-1536x768.jpg 1536w, https:\/\/archive.camerimage.pl\/assets\/uploads\/2022\/10\/rsz_where_burning_old_lies_still1-1600x800.jpg 1600w, https:\/\/archive.camerimage.pl\/assets\/uploads\/2022\/10\/rsz_where_burning_old_lies_still1.jpg 2048w\" sizes=\"(max-width: 1024px) 100vw, 1024px\" \/><\/a><\/p>\n<p>A woman returns to her childhood home, in an intimate quest to understand her past, which has been marked by her father\u2019s love and abuse.<\/p>\n<p><strong>Director:<\/strong> Pau Verdalet<br \/>\n<strong>Cinematographer:<\/strong> Ian B. Morales<br \/>\n<strong>School:<\/strong> National School of Film Arts (ENAC)<br \/>\n<strong>Country and year:<\/strong> Mexico, 2022<\/p>\n<p style=\"text-align: center;\"><strong><span style=\"font-size: 24pt; color: #d29600;\">YUTA<\/span><br \/>\n<\/strong><\/p>\n<p><a href=\"https:\/\/archive.camerimage.pl\/assets\/uploads\/2022\/10\/rsz_yuta_still2.jpg\"><img loading=\"lazy\" decoding=\"async\" class=\"aligncenter size-large wp-image-33217\" src=\"https:\/\/archive.camerimage.pl\/assets\/uploads\/2022\/10\/rsz_yuta_still2-1024x508.jpg\" alt=\"\" width=\"1024\" height=\"508\" srcset=\"https:\/\/archive.camerimage.pl\/assets\/uploads\/2022\/10\/rsz_yuta_still2-1024x508.jpg 1024w, https:\/\/archive.camerimage.pl\/assets\/uploads\/2022\/10\/rsz_yuta_still2-300x149.jpg 300w, https:\/\/archive.camerimage.pl\/assets\/uploads\/2022\/10\/rsz_yuta_still2-768x381.jpg 768w, https:\/\/archive.camerimage.pl\/assets\/uploads\/2022\/10\/rsz_yuta_still2-460x228.jpg 460w, https:\/\/archive.camerimage.pl\/assets\/uploads\/2022\/10\/rsz_yuta_still2-1536x762.jpg 1536w, https:\/\/archive.camerimage.pl\/assets\/uploads\/2022\/10\/rsz_yuta_still2-1600x793.jpg 1600w, https:\/\/archive.camerimage.pl\/assets\/uploads\/2022\/10\/rsz_yuta_still2.jpg 2045w\" sizes=\"(max-width: 1024px) 100vw, 1024px\" \/><\/a><\/p>\n<p>Matias and Franco, two Argentinians who are passionate about football, come to Brazil to ride with the team they love: Chacarita Juniors. After suffering violence and police abuse, both decide to counter the aggressors, even if it could cause the end of their lives.<\/p>\n<p><strong>Director:<\/strong> Matheus Malburg<br \/>\n<strong>Cinematographer:<\/strong> Luigi Parisi<br \/>\n<strong>School:<\/strong> Funda\u00e7\u00e3o Armando Alvares Penteado (FAAP)<br \/>\n<strong>Country and year:<\/strong> Brazil, 2022<\/p>\n<p>&nbsp;<\/p>\n<hr \/>\n<p>&nbsp;<\/p>\n<p>Each year hundreds of students from all over the world come to <strong>EnergaCAMERIMAGE<\/strong>. For many of them, a week at the festival feels like they are taking part in a short yet extensive film course. It\u2019s like a knowledge given in a nutshell.<\/p>\n<p>\nWe know how important, especially for young filmmakers, who are just at the beginning of this tough and demanding path is the opinion and advice of experienced filmmakers.<\/p>\n<p>\nThat is why, this year, the <strong>Film and Art School Etudes Panorama<\/strong> will be followed by the Round Table session \u2013 equal and open discussion devoted to the cinema. The authors of presented films will be joined by the acclaimed filmmakers <strong>Oliver Stapleton, BSC<\/strong> and <strong>Stephen Lighthill, ASC<\/strong>.<\/p>\n<p>We believe that the participant of the very first Round Table will gain a valuable experience, and will get to know not only other fellow filmmakers but thanks to that they will have a unique chance for knowledge exchange.<\/p>\n<p>\nAfter each block of the <strong>Film and Art School Etudes Panorama<\/strong>, approx. 90 minutes discussion will be carried on, conducted by <strong>Oliver Stapleton, BSC<\/strong> and <strong>Stephen Lighthill, ASC<\/strong> and with participation of the authors of the screened etudes.<\/p>\n<p><em><strong>(In English only)<\/strong><\/em><\/p>\n<p>&nbsp;<\/p>\n<p style=\"text-align: center;\"><img loading=\"lazy\" decoding=\"async\" class=\"aligncenter size-full wp-image-22471\" src=\"https:\/\/archive.camerimage.pl\/assets\/uploads\/2019\/11\/stapleton.jpg\" alt=\"\" width=\"600\" height=\"400\" srcset=\"https:\/\/archive.camerimage.pl\/assets\/uploads\/2019\/11\/stapleton.jpg 600w, https:\/\/archive.camerimage.pl\/assets\/uploads\/2019\/11\/stapleton-300x200.jpg 300w\" sizes=\"(max-width: 600px) 100vw, 600px\" \/><\/p>\n<p style=\"text-align: center;\"><em>Oliver Stapleton, photo by fotografowie.com<\/em><\/p>\n<p style=\"text-align: center;\"><img loading=\"lazy\" decoding=\"async\" class=\"aligncenter size-full wp-image-22472\" src=\"https:\/\/archive.camerimage.pl\/assets\/uploads\/2019\/11\/lighthill.jpg\" alt=\"\" width=\"600\" height=\"400\" srcset=\"https:\/\/archive.camerimage.pl\/assets\/uploads\/2019\/11\/lighthill.jpg 600w, https:\/\/archive.camerimage.pl\/assets\/uploads\/2019\/11\/lighthill-300x200.jpg 300w\" sizes=\"(max-width: 600px) 100vw, 600px\" \/><\/p>\n<p style=\"text-align: center;\"><em>Stephen Lighthill, photo by fotografowie.com<\/em><\/p>\n<p><\/p>","protected":false},"excerpt":{"rendered":"<p>Film and Art School Etudes Panorama is a non-competitive section at the EnergaCAMERIMAGE International Film Festival featuring student fiction shorts&#8230;<\/p>\n","protected":false},"author":3,"featured_media":33224,"comment_status":"closed","ping_status":"closed","sticky":false,"template":"","format":"standard","meta":{"_acf_changed":false,"footnotes":""},"categories":[613],"tags":[],"class_list":["post-33214","post","type-post","status-publish","format-standard","has-post-thumbnail","hentry","category-wiadomosci-energacamerimage-2022"],"acf":[],"_links":{"self":[{"href":"https:\/\/archive.camerimage.pl\/en\/wp-json\/wp\/v2\/posts\/33214"}],"collection":[{"href":"https:\/\/archive.camerimage.pl\/en\/wp-json\/wp\/v2\/posts"}],"about":[{"href":"https:\/\/archive.camerimage.pl\/en\/wp-json\/wp\/v2\/types\/post"}],"author":[{"embeddable":true,"href":"https:\/\/archive.camerimage.pl\/en\/wp-json\/wp\/v2\/users\/3"}],"replies":[{"embeddable":true,"href":"https:\/\/archive.camerimage.pl\/en\/wp-json\/wp\/v2\/comments?post=33214"}],"version-history":[{"count":4,"href":"https:\/\/archive.camerimage.pl\/en\/wp-json\/wp\/v2\/posts\/33214\/revisions"}],"predecessor-version":[{"id":33231,"href":"https:\/\/archive.camerimage.pl\/en\/wp-json\/wp\/v2\/posts\/33214\/revisions\/33231"}],"wp:featuredmedia":[{"embeddable":true,"href":"https:\/\/archive.camerimage.pl\/en\/wp-json\/wp\/v2\/media\/33224"}],"wp:attachment":[{"href":"https:\/\/archive.camerimage.pl\/en\/wp-json\/wp\/v2\/media?parent=33214"}],"wp:term":[{"taxonomy":"category","embeddable":true,"href":"https:\/\/archive.camerimage.pl\/en\/wp-json\/wp\/v2\/categories?post=33214"},{"taxonomy":"post_tag","embeddable":true,"href":"https:\/\/archive.camerimage.pl\/en\/wp-json\/wp\/v2\/tags?post=33214"}],"curies":[{"name":"wp","href":"https:\/\/api.w.org\/{rel}","templated":true}]}}