{"id":8665,"date":"2013-10-14T12:25:23","date_gmt":"2013-10-14T10:25:23","guid":{"rendered":"http:\/\/camernew.klienci.052b.com\/sklady-konkursow-dokumentalnych-camerimage-2013\/"},"modified":"2013-10-14T12:25:23","modified_gmt":"2013-10-14T10:25:23","slug":"sklady-konkursow-dokumentalnych-camerimage-2013","status":"publish","type":"post","link":"https:\/\/archive.camerimage.pl\/en\/sklady-konkursow-dokumentalnych-camerimage-2013\/","title":{"rendered":"CAMERIMAGE 2013 DOCUMENTARY COMPETITION LINE-UPS!"},"content":{"rendered":"<p><\/p>\n<div class=\"bordered narrow\">\n<div class=\"article\"><\/div>\n<p><b>Feature Length Documentary Films Competition &#8220;IMAGE OF THE WORLD &#8211; WORLD IN IMAGES&#8221;<\/b> is one of the main points in the programme of the Festival&#8217;s documentary section. <\/p>\n<p> The aim of the competition is to appreciate documentary films as a creative interpretation of reality. The jury focuses on the visual and aesthetical part of a movie and judges the achievements in the area of film images, awarding best cinematographers among those selected for the competition.  <\/p>\n<p> Here is the line-up: <\/p>\n<ul>\n<li><b>Better Life is Elsewhere, A<\/b> (Das bessere Leben ist anderswo), cin. Rolando Colla, dir. Rolando Colla\n<li><b>Blood Brother<\/b>, cin. John Pope, dir. Steve Hoover\n<li><b>Breathing Earth &#8211; Susumu Shingu&#8217;s Dream<\/b> (Breathing Earth: Susumu Shingus Traum), cin. Thomas Riedelsheimer, dir. Thomas Riedelsheimer\n<li><b>Danube Hospital<\/b>, cin. Nikolaus Geyrhalter, dir. Nikolaus Geyrhalter\n<li><b>Dragon Girls<\/b> (Drachenm\u00e4dchen), cin. Inigo Westmeier, dir. Inigo Westmeier\n<li><b>Dream in the Making, A<\/b> (Moja wola), cin. Mateusz Skalski, dir. Bartosz M. Kowalski\n<li><b>Father<\/b> (Tevas), cin. Linas Dabriska, dir. Marat Sargsyan\n<li><b>Father and son <\/b> (Ojciec i syn), cin. Pawe\u0142 \u0141ozi\u0144ski, Marcel \u0141ozi\u0144ski, dir. Pawe\u0142 \u0141ozi\u0144ski\n<li><b>Matthew&#8217;s Laws<\/b> (De regels van Matthijs), cin. Marc Schmidt, Aage Hollander, dir. Marc Schmidt\n<li><b>Secrets of Love<\/b> (Sekrety mi\u0142o\u015bci), cin. Krystian Matysek, dir. Krystian Matysek\n<li><b>Which Way is the Front Line from Here? The Life and Times of Tim Hetherington<\/b>, cin. Tim Hetherington, Sebastian Junger, James Brabazon, dir. Sebastian Junger\n<li><b>Winter Nomads<\/b> (Hiver Nomade), cin. Camille Cottagnoud, dir. Manuel von St\u00fcrler  <\/ul>\n<p><b>The Short Documentary Films Competition &#8220;IMAGE OF THE WORLD &#8211; WORLD IN IMAGES&#8221;<\/b>. <\/p>\n<p><b>The prestige of the Competition has been recognized by Academy of Motion Picture Arts and Sciences which has chosen Camerimage Festival as the ACADEMY AWARD\u00ae qualifying festival in the Documentary Short Subject category<\/b>. This means that the winners of the Golden Frog in Short Documentary Films Competition at Camerimage will qualify for consideration in the Documentary Short Subject category of the Annual Academy Awards\u00ae without the standard theatrical run, provided the film otherwise complies with the Academy rules.  <\/p>\n<p> Here is the line-up: <\/p>\n<ul>\n<li><b>Blessed be this Place<\/b> (Velsignet v\u00e6re dette sted), cin. Jonathan Elsborg, dir. Carl Olsson\n<li><b> Breath of the Tundra, The<\/b> (Dikhanie tundri), cin. Mikhail Gorobchuk, dir. Mikhail Gorobchuk\n<li><b>Children Next Door, The<\/b>, cin. Doug Block, dir. Doug Block\n<li><b>Children of the Peacock<\/b>, cin. TJ Andrade, dir. TJ Andrade\n<li><b>Given in Exchange<\/b> (\u0414\u0430\u043d\u043d\u044b\u0439 \u0432\u0437\u0430\u043c\u0435\u043d), cin. Ian Iasinskii, Alexander Kotenko, dir. Sofia Geveyler\n<li><b>Grandpa and Me and a Helicopter to Heaven<\/b> (Morfar och Jag och helikoptern till himlen), cin. Johan Palmgren, dir. Johan Palmgren, \u00c5sa Blanck\n<li><b>Inocente<\/b>, cin. Sean Fine, dir. Andrea Nix Fine, Sean Fine\n<li><b>Joanna<\/b>, cin. \u0141ukasz \u017bal, dir. Aneta Kopacz\n<li><b>Left Side of the Face<\/b> (Lewa po\u0142owa twarzy), cin. \u0141ukasz \u017bal, dir. Marcin Bortkiewicz\n<li><b>Let the Daylight into the Swamp<\/b>, cin. John Minh Tran, dir. St. Jules Jeffrey\n<li><b>Love Equation of Henry Fast, The<\/b> (Niewiadoma Henryka Fasta), cin. Pawe\u0142 Nadolny, dir. Agnieszka Elbanowska\n<li><b>Not Anymore: A Story of Revolution<\/b>, cin. Matthew Vandyke, dir. Matthew Vandyke\n<li><b>Previous Scenes<\/b> (Escenas Previas), cin. Javier Labrador Deulofeu, dir. Aleksandra Maciuszek\n<li><b>Reaper, The<\/b> ( La Parka), cin. Carlos Correa, dir. Gabriel Serra\n<li><b>SHOOT ME<\/b>, cin. Julian Krubasik, dir. Narges Kalhor, Benedikt Schwarzer\n<li><b>When I Am a Bird<\/b> (Kiedy b\u0119d\u0119 ptakiem), cin. Pawe\u0142 Chorz\u0119pa, dir. Monika Pawluczuk  <\/ul>\n<\/div>\n<p><\/p>","protected":false},"excerpt":{"rendered":"<p>Feature Length Documentary Films Competition &#8220;IMAGE OF THE WORLD &#8211; WORLD IN IMAGES&#8221; is one of the main points in&#8230;<\/p>\n","protected":false},"author":1,"featured_media":0,"comment_status":"open","ping_status":"open","sticky":false,"template":"","format":"standard","meta":{"_acf_changed":false,"footnotes":""},"categories":[145],"tags":[],"class_list":["post-8665","post","type-post","status-publish","format-standard","hentry","category-wiadomosci-camerimage-2013"],"acf":[],"_links":{"self":[{"href":"https:\/\/archive.camerimage.pl\/en\/wp-json\/wp\/v2\/posts\/8665"}],"collection":[{"href":"https:\/\/archive.camerimage.pl\/en\/wp-json\/wp\/v2\/posts"}],"about":[{"href":"https:\/\/archive.camerimage.pl\/en\/wp-json\/wp\/v2\/types\/post"}],"author":[{"embeddable":true,"href":"https:\/\/archive.camerimage.pl\/en\/wp-json\/wp\/v2\/users\/1"}],"replies":[{"embeddable":true,"href":"https:\/\/archive.camerimage.pl\/en\/wp-json\/wp\/v2\/comments?post=8665"}],"version-history":[{"count":0,"href":"https:\/\/archive.camerimage.pl\/en\/wp-json\/wp\/v2\/posts\/8665\/revisions"}],"wp:attachment":[{"href":"https:\/\/archive.camerimage.pl\/en\/wp-json\/wp\/v2\/media?parent=8665"}],"wp:term":[{"taxonomy":"category","embeddable":true,"href":"https:\/\/archive.camerimage.pl\/en\/wp-json\/wp\/v2\/categories?post=8665"},{"taxonomy":"post_tag","embeddable":true,"href":"https:\/\/archive.camerimage.pl\/en\/wp-json\/wp\/v2\/tags?post=8665"}],"curies":[{"name":"wp","href":"https:\/\/api.w.org\/{rel}","templated":true}]}}